{
    "id": 17748,
    "date": "2022-03-11T06:21:47",
    "date_gmt": "2022-03-11T14:21:47",
    "guid": {
        "rendered": "https:\/\/www.pacificcommunityventures.org\/?p=17748"
    },
    "modified": "2022-03-11T06:21:47",
    "modified_gmt": "2022-03-11T14:21:47",
    "slug": "cdfi%e3%81%af%e8%b3%87%e6%9c%ac%e3%81%a8%e6%ad%a3%e7%be%a9%e3%82%92%e4%b8%80%e8%87%b4%e3%81%95%e3%81%9b%e3%82%8b%e3%81%9f%e3%82%81%e3%81%ab%e5%ad%98%e5%9c%a8%e3%81%99%e3%82%8b",
    "status": "publish",
    "type": "post",
    "link": "https:\/\/www.pacificcommunityventures.org\/es\/2022\/03\/11\/cdfis-exist-to-align-capital-with-justice\/",
    "title": {
        "rendered": "Las CDFI existen para alinear el capital con la justicia"
    },
    "content": {
        "rendered": "<p>El cuidado infantil \u2013y las luchas de los propietarios de guarder\u00edas para permanecer abiertos, de los trabajadores de guarder\u00edas para obtener el salario y los beneficios que merecen, y de los padres trabajadores para afrontar el costo del cuidado infantil sin ayuda del gobierno federal\u2013 ha llegado a definir los \u00faltimos dos a\u00f1os. <a href=\"https:\/\/www.pacificcommunityventures.org\/es\/historias-de-exito\/la-plazita\/\">Preescolar La Plazita en Oakland<\/a> Es un verdadero preescolar de inmersi\u00f3n en espa\u00f1ol donde los ni\u00f1os aprenden o retienen espa\u00f1ol y se preparan completamente para el k\u00ednder. En los a\u00f1os previos a la COVID-19, el primer local de La Plazita tuvo un \u00e9xito r\u00e1pido, y cuando lleg\u00f3 el momento de expandirse a un segundo local con un enfoque m\u00e1s directo en la comunidad en Fruitvale, la propietaria Krystell Guzm\u00e1n recurri\u00f3 a PCV en busca de orientaci\u00f3n. Finalmente, abri\u00f3 dos locales m\u00e1s, empleando a 38 personas y ofreciendo cobertura m\u00e9dica y de jubilaci\u00f3n. Pero con la llegada y el avance de la COVID-19, Krystell encontr\u00f3 su \u00e9xito. Las peque\u00f1as empresas que se encontraban en primera l\u00ednea necesitaban capital y los bancos no estaban dispuestos a ayudar.<\/p>\n\n\n\n<p>Hay cientos de miles de historias como la de Krystell, y en Pacific Community Ventures, la CDFI que dirijo, nos negamos a aceptarlas. En noviembre de 2021, lanzamos nuestro Fondo de Pr\u00e9stamos Restaurativos de Oakland: $2.5 millones en pr\u00e9stamos para peque\u00f1as empresas sin comisiones ni intereses. Creamos este fondo sin intereses porque era lo que los propietarios de peque\u00f1as empresas de nuestra comunidad mayoritariamente BIPOC nos dijeron que necesitaban, y cuando lo lanzamos, nos encontramos con una sorprendente oposici\u00f3n de otros inversores comunitarios: crear este fondo es fundamental para nuestra misi\u00f3n de descolonizaci\u00f3n. Algunos inversores comunitarios nos dijeron que esto distorsionaba el mercado o los perjudicaba. Llamaron a personas como Krystell &quot;p\u00e9rdidas aceptables&quot;. Nos negamos a aceptar p\u00e9rdidas aceptables.<\/p>\n\n\n\n<div class=\"wp-block-image\"><figure class=\"aligncenter size-full\"><img loading=\"lazy\" decoding=\"async\" width=\"600\" height=\"400\" src=\"https:\/\/pacificcommunityventures.org\/wp-content\/uploads\/sites\/9\/sites\/6\/La-Plazita-1.jpg\" alt=\"La Plazita\" class=\"wp-image-17751\"\/><\/figure><\/div>\n\n\n\n<p>Krystell solicit\u00f3 un pr\u00e9stamo del Fondo de Pr\u00e9stamos Restaurativos de Oakland y lo recibi\u00f3 en enero de este a\u00f1o. Nos coment\u00f3 que planea usar el pr\u00e9stamo para estabilizar su empresa despu\u00e9s de un a\u00f1o muy dif\u00edcil en el que muchos padres decidieron mantener a sus hijos en casa. Tuvieron que cerrar durante dos meses y luego regresaron; solo el 51% de sus hijos regres\u00f3 de inmediato. Ahora que han reconstruido, dice que est\u00e1 usando el pr\u00e9stamo sin intereses &quot;para seguir expandiendo las escuelas, mantener los empleos que tenemos y ofrecer mejores salarios a nuestros empleados&quot;.\u201c<\/p>\n\n\n\n<p>\u00bfPor qu\u00e9 PCV centra tanto nuestra labor en emprendedores negros, ind\u00edgenas, latinos y asi\u00e1ticos y del Pac\u00edfico si nuestra misi\u00f3n es crear una econom\u00eda justa y empleos dignos para la gente trabajadora? Las personas de color crean m\u00e1s empresas cada a\u00f1o que cualquier otra persona, lideradas por mujeres negras y latinas, y en 2021... <a href=\"https:\/\/www.latimes.com\/politics\/story\/2021-06-28\/pandemic-silver-lining-black-owned-business-startups-surge-to-25-year-high\" target=\"_blank\" rel=\"noopener\">Las comunidades de color vieron el mayor aumento en nuevos negocios<\/a> en d\u00e9cadas. Combine eso con el hecho de que el 99% de las empresas estadounidenses son peque\u00f1as, y las peque\u00f1as empresas emplean <a href=\"https:\/\/smallbiztrends.com\/tag\/small-business-statistics\" target=\"_blank\" rel=\"noopener\">la mitad de los trabajadores estadounidenses<\/a> \u2013 y ya tienes tu respuesta.&nbsp;&nbsp;<\/p>\n\n\n\n<h2 class=\"wp-block-heading\">Descolonizando el capital: un paso crucial hacia la justicia racial y econ\u00f3mica<\/h2>\n\n\n\n<p>PCV fue uno de los primeros inversores de impacto de Estados Unidos, y las CDFI como la nuestra surgieron del movimiento por los Derechos Civiles. Por eso, volvemos a nuestros valores fundamentales al lanzar una nueva estrategia para impulsar a PCV hacia el futuro. \u00bfC\u00f3mo definimos la inversi\u00f3n de impacto? Dos aspectos la diferencian de la inversi\u00f3n tradicional: la intenci\u00f3n (\u00bfimpacta en el problema que se busca combatir?) y la medici\u00f3n (\u00bfse asegura de que su inversi\u00f3n logre ese objetivo?). PCV integra esto en todo lo que hacemos. Eso es inversi\u00f3n de impacto.<\/p>\n\n\n\n<p>Nuestro mantra ha sido \u201c<strong>Descolonizar, democratizar, restaurar<\/strong>\u201d\u00bfQu\u00e9 significa esto para nosotros? <strong>Descolonizar <\/strong>est\u00e1 rompiendo con las formas de hacer negocios que heredamos del sistema financiero tradicional y se centra en las personas de color y las comunidades subestimadas, como las CDFIs deb\u00edan hacerlo desde nuestras ra\u00edces de derechos civiles. <strong>Democratizar <\/strong>es escuchar a nuestros empresarios y l\u00edderes comunitarios y asociarnos con ellos para dise\u00f1ar e innovar, compartir poder, compartir recursos y construir los servicios que necesitan, de la manera que los necesitan. <strong>Restaurar <\/strong>Se trata de encontrarlos donde est\u00e1n y actuar de manera restaurativa, no extractiva.&nbsp;<\/p>\n\n\n\n<p>En 2020 dimos nuestros primeros pasos en este nuevo viaje, que comenz\u00f3 con una mirada profunda al espejo. Para predicar con el ejemplo, tuvimos que trabajar en nosotros mismos. Nosotros:&nbsp;<\/p>\n\n\n\n<ul class=\"wp-block-list\"><li>Se estableci\u00f3 un comit\u00e9 para capacitar al personal en DEI y antirracismo, e identificar formas de mejorar la DEI en todas nuestras l\u00edneas comerciales.<\/li><li>Se lanzaron debates quincenales con todo el personal facilitados por nuestro equipo DEI sobre temas relacionados con el racismo sist\u00e9mico, para promover la lucha contra el racismo en nuestro lugar de trabajo y actividades.<\/li><li>Introdujimos historias de propietarios de peque\u00f1as empresas en las reuniones de equipo para cultivar la empat\u00eda con aquellos a quienes servimos y comenzamos a realizar \u201cSesiones de escucha externas trimestrales con el director ejecutivo\u201d para escucharlos directamente.<\/li><li>Renovamos nuestro sistema de contrataci\u00f3n, lo que incluy\u00f3 la eliminaci\u00f3n de detalles de identificaci\u00f3n (nombres, educaci\u00f3n, etc.) de los materiales enviados por quienes buscan empleo, ampliamos los lugares donde publicamos ofertas de trabajo y realizamos entrevistas solo de audio lo m\u00e1s tarde posible en el proceso.<\/li><li>Se inici\u00f3 un programa de desarrollo profesional con cohortes de directores, gerentes y analistas para desarrollar activamente m\u00e1s habilidades y competencias de liderazgo en toda la organizaci\u00f3n.<\/li><li>Contratamos una empresa de DEI para respaldar nuestro desarrollo de cultura antirracista, pr\u00e1cticas de RR.HH. y hacer recomendaciones en todas nuestras l\u00edneas de negocio.<\/li><li>Tambi\u00e9n agregamos 3 nuevos miembros a la junta, priorizando a candidatos con experiencia vivida y directa invirtiendo en emprendedores diversos, as\u00ed como mujeres de color en finanzas, creando la primera junta de PCV con mayor\u00eda BIPOC.<\/li><\/ul>\n\n\n\n<p>Al evaluar nuestra cartera de pr\u00e9stamos durante el primer a\u00f1o de la crisis de COVID, nos dimos cuenta de que ten\u00edamos <a href=\"https:\/\/www.pacificcommunityventures.org\/es\/2021\/06\/08\/informe-de-impacto-de-pcvs-2020-sobre-el-estado-de-las-pequenas-empresas\/\">Apenas 1% en amortizaciones<\/a> (menos que el <a href=\"https:\/\/fred.stlouisfed.org\/series\/US1LLRTL\" target=\"_blank\" rel=\"noopener\">1.3% tasa promedio de p\u00e9rdida de pr\u00e9stamos de los bancos estadounidenses <\/a>En 2020, PCV ya hab\u00eda cambiado la forma en que implement\u00e1bamos nuestros pr\u00e9stamos en los \u00faltimos a\u00f1os, ya que los pr\u00e9stamos a bancos o a las directrices de la SBA exclu\u00edan en gran medida a las empresas propiedad de personas negras. A partir de ah\u00ed, hemos estado trabajando a nivel nacional para redefinir c\u00f3mo, como CDFIs, definimos el &quot;riesgo&quot; como industria, para cumplir con nuestra misi\u00f3n de invertir en personas y lugares subestimados.&nbsp;<\/p>\n\n\n\n<p>Debido a la COVID-19, duplicamos el tama\u00f1o de nuestra cartera de pr\u00e9stamos para peque\u00f1as empresas y destinamos m\u00e1s de 761 billones de d\u00f3lares de nuestro capital a emprendedores de color y mujeres en todo el estado de California, con 851 billones de d\u00f3lares invertidos en comunidades con dificultades econ\u00f3micas. El rendimiento de nuestra cartera demuestra con creces que se puede invertir en emprendedores y comunidades hist\u00f3ricamente subestimados sin comprometer la viabilidad financiera. Nuestro rendimiento demuestra que invertir en los subestimados no es una inversi\u00f3n arriesgada, sino una oportunidad excepcional para generar crecimiento financiero y, al mismo tiempo, lograr la justicia socioecon\u00f3mica en este pa\u00eds.<\/p>\n\n\n\n<h2 class=\"wp-block-heading\">La siguiente fase de la evoluci\u00f3n del PCV<\/h2>\n\n\n\n<p>Muy pocos inversionistas comunitarios crean productos y servicios basados en lo que los empresarios reales les dicen que necesitan y c\u00f3mo lo necesitan. Debemos aprovechar esta oportunidad para romper con el pasado y crear sistemas que satisfagan a los empresarios de color donde se encuentren, y eso es precisamente a lo que nos comprometemos al revitalizar nuestra organizaci\u00f3n en torno a un capital restaurativo que empodere a las peque\u00f1as empresas y genere empleos dignos en comunidades de todo el pa\u00eds.<\/p>\n\n\n\n<div class=\"wp-block-image\"><figure class=\"aligncenter size-medium\"><img decoding=\"async\" src=\"https:\/\/pacificcommunityventures.org\/wp-content\/uploads\/sites\/9\/sites\/6\/PCV-New-Strategy-Graphic-600x420.png\" alt=\"Gr\u00e1fico de la nueva estrategia del PCV\" class=\"wp-image-17750\"\/><\/figure><\/div>\n\n\n\n<p>Mientras luchamos contra una econom\u00eda y un sistema en constante cambio, es crucial que nuestro trabajo sea adaptable y se base en el aprendizaje, la investigaci\u00f3n y la experimentaci\u00f3n. Aqu\u00ed es donde entra en juego nuestro Laboratorio de Innovaci\u00f3n para el Buen Empleo. Si bien nuestros programas de Pr\u00e9stamos y Asesoramiento para Peque\u00f1as Empresas seguir\u00e1n conectando a los emprendedores con experiencia accesible y capital restaurativo, el Laboratorio de Innovaci\u00f3n para el Buen Empleo establecer\u00e1 un proceso regular de investigaci\u00f3n y experimentaci\u00f3n para garantizar el crecimiento de nuestros programas. <em>con<\/em> y activamente <em>impacto <\/em>Las necesidades cambiantes de nuestras comunidades, empoderando a los trabajadores junto con los due\u00f1os de negocios.&nbsp;<\/p>\n\n\n\n<p>Para que las CDFIs manifiesten las intenciones de los l\u00edderes de Derechos Civiles de promover la justicia racial y econ\u00f3mica, no podemos aislarnos. Debemos trabajar juntos para generar un cambio sist\u00e9mico duradero, un liderazgo de pensamiento impactante y pol\u00edticas transformadoras. Si bien el trabajo diario de PCV se centra en nuestros clientes de peque\u00f1as empresas, nuestro Laboratorio de Innovaci\u00f3n para el Buen Empleo eleva ese trabajo e impulsa a las CDFIs y a los inversores de impacto en todo el mundo. Trabajamos con y para la comunidad, y transformamos todo lo que podemos controlar con nuestros propios programas, servicios y contrataciones. Trabajamos estrechamente con nuestros inversores y financiadores para garantizar que el capital y el apoyo nos lleguen de maneras que nos permitan ser restauradores. Esto tiene sus l\u00edmites. Nuestra defensa nos permite amplificar las voces de emprendedores, trabajadores y comunidades a quienes el gobierno y el sector privado han fallado, y contin\u00faan fallando, para lograr un cambio sist\u00e9mico m\u00e1s amplio: para que las reglas del juego sean m\u00e1s justas, asequibles y accesibles para todos.&nbsp;<\/p>\n\n\n\n<p>En 2022, con el lanzamiento de nuestra nueva estrategia, PCV profundizar\u00e1 en enfoques ecosist\u00e9micos basados en el lugar, liderados y dise\u00f1ados por la comunidad en toda California, comenzando por nuestra ciudad natal, Oakland. Tambi\u00e9n colaboraremos m\u00e1s estrechamente con organizaciones comunitarias y otras CDFIs en todo el pa\u00eds a trav\u00e9s de nuestro programa de Asesor\u00eda Empresarial pro bono. Nuestra asesor\u00eda se adaptar\u00e1 a la diversidad y la experiencia de los emprendedores y las comunidades a las que servimos, y apoyar\u00e1 tanto el crecimiento empresarial como el empoderamiento de los trabajadores, con el objetivo de ayudar a empresarios como Krystell a ser agentes de cambio en sus comunidades y catalizar la riqueza racial y comunitaria.<\/p>\n\n\n\n<h2 class=\"wp-block-heading\">\u00danase a nosotros<\/h2>\n\n\n\n<p>\u00danete a nosotros. Si crees en una econom\u00eda centrada en la justicia racial y econ\u00f3mica, <a href=\"mailto:bulbul@pcvmail.org\" target=\"_blank\" rel=\"noreferrer noopener\">Cont\u00e1ctanos aqu\u00ed para financiar PCV<\/a> Con el capital y las subvenciones del 0%-2% que necesitamos para realizar nuestro trabajo. Puede obtener m\u00e1s informaci\u00f3n sobre <a href=\"https:\/\/www.pacificcommunityventures.org\/es\/small-business-services\/join-the-small-business-support-circle\/\">Asociarse con nosotros aqu\u00ed<\/a>, inscribi\u00e9ndose como <a href=\"https:\/\/www.pacificcommunityventures.org\/es\/small-business-services\/mentor-small-business-owners\/\">Asesor de negocios pro bono aqu\u00ed<\/a>, y si eres un emprendedor que busca asesoramiento gratuito o <a href=\"https:\/\/www.pacificcommunityventures.org\/es\/prestamos-para-pequenas-empresas\/\">capital verdaderamente asequible<\/a>, puede <a href=\"https:\/\/www.pacificcommunityventures.org\/es\/small-business-advising\/\">Obtenga m\u00e1s informaci\u00f3n aqu\u00ed<\/a>.<\/p>",
        "protected": false
    },
    "excerpt": {
        "rendered": "<p>El cuidado infantil \u2014y las dificultades de los due\u00f1os de guarder\u00edas para mantenerse abiertos, de los trabajadores para obtener el salario y los beneficios que merecen, y de los padres que trabajan para costear el cuidado infantil sin ayuda del gobierno federal\u2014 ha marcado los \u00faltimos dos a\u00f1os. La guarder\u00eda La Plazita en Oakland es una verdadera escuela espa\u00f1ola\u2026<\/p>",
        "protected": false
    },
    "author": 61,
    "featured_media": 17749,
    "comment_status": "closed",
    "ping_status": "open",
    "sticky": false,
    "template": "",
    "format": "standard",
    "meta": {
        "_acf_changed": false,
        "ngg_post_thumbnail": 0,
        "footnotes": ""
    },
    "categories": [
        35
    ],
    "tags": [],
    "class_list": [
        "post-17748",
        "post",
        "type-post",
        "status-publish",
        "format-standard",
        "has-post-thumbnail",
        "hentry",
        "category-pcv-news"
    ],
    "acf": [],
    "_links": {
        "self": [
            {
                "href": "https:\/\/www.pacificcommunityventures.org\/es\/wp-json\/wp\/v2\/posts\/17748",
                "targetHints": {
                    "allow": [
                        "GET"
                    ]
                }
            }
        ],
        "collection": [
            {
                "href": "https:\/\/www.pacificcommunityventures.org\/es\/wp-json\/wp\/v2\/posts"
            }
        ],
        "about": [
            {
                "href": "https:\/\/www.pacificcommunityventures.org\/es\/wp-json\/wp\/v2\/types\/post"
            }
        ],
        "author": [
            {
                "embeddable": true,
                "href": "https:\/\/www.pacificcommunityventures.org\/es\/wp-json\/wp\/v2\/users\/61"
            }
        ],
        "replies": [
            {
                "embeddable": true,
                "href": "https:\/\/www.pacificcommunityventures.org\/es\/wp-json\/wp\/v2\/comments?post=17748"
            }
        ],
        "version-history": [
            {
                "count": 0,
                "href": "https:\/\/www.pacificcommunityventures.org\/es\/wp-json\/wp\/v2\/posts\/17748\/revisions"
            }
        ],
        "wp:featuredmedia": [
            {
                "embeddable": true,
                "href": "https:\/\/www.pacificcommunityventures.org\/es\/wp-json\/wp\/v2\/media\/17749"
            }
        ],
        "wp:attachment": [
            {
                "href": "https:\/\/www.pacificcommunityventures.org\/es\/wp-json\/wp\/v2\/media?parent=17748"
            }
        ],
        "wp:term": [
            {
                "taxonomy": "category",
                "embeddable": true,
                "href": "https:\/\/www.pacificcommunityventures.org\/es\/wp-json\/wp\/v2\/categories?post=17748"
            },
            {
                "taxonomy": "post_tag",
                "embeddable": true,
                "href": "https:\/\/www.pacificcommunityventures.org\/es\/wp-json\/wp\/v2\/tags?post=17748"
            }
        ],
        "curies": [
            {
                "name": "wp",
                "href": "https:\/\/api.w.org\/{rel}",
                "templated": true
            }
        ]
    }
}