{
    "id": 28037,
    "date": "2025-08-27T11:59:17",
    "date_gmt": "2025-08-27T18:59:17",
    "guid": {
        "rendered": "https:\/\/www.pacificcommunityventures.org\/?post_type=team&#038;p=28037"
    },
    "modified": "2026-01-19T12:01:09",
    "modified_gmt": "2026-01-19T20:01:09",
    "slug": "%ec%97%a0%eb%a7%88-%ed%94%84%eb%9e%84",
    "status": "publish",
    "type": "team",
    "link": "https:\/\/www.pacificcommunityventures.org\/es\/team\/emma-prall\/",
    "title": {
        "rendered": "Emma Prall | Gerente de \u00c9xito de Clientes y Socios"
    },
    "content": {
        "rendered": "<p><span data-contrast=\"none\">Emma Prall se incorpora a PCV como Gerente de \u00c9xito de Clientes y Socios con experiencia en desarrollo internacional y una amplia trayectoria impulsando el crecimiento estrat\u00e9gico. Recientemente, trabaj\u00f3 en una importante ONG internacional, donde gestion\u00f3 nuevas carteras de negocios, lider\u00f3 el desarrollo de licitaciones y la interacci\u00f3n con clientes, identific\u00f3 y evalu\u00f3 nuevas oportunidades de financiaci\u00f3n y promovi\u00f3 iniciativas de diversificaci\u00f3n de financiadores. Anteriormente, colabor\u00f3 con actores clave para la formulaci\u00f3n de pol\u00edticas econ\u00f3micas.&nbsp;<\/span><span data-ccp-props=\"{}\">&nbsp;<\/span><\/p>\n<p><span data-contrast=\"none\">Emma aporta una pasi\u00f3n por invertir en las comunidades locales que se refleja en toda su experiencia profesional. Es licenciada en Relaciones Internacionales por la American University. Fuera del trabajo, disfruta del senderismo, jugar al f\u00fatbol, explorar nuevos restaurantes y viajar.<\/span><span data-ccp-props=\"{}\">&nbsp;<\/span><\/p>",
        "protected": false
    },
    "featured_media": 28038,
    "template": "fl-theme-layout-28316",
    "meta": {
        "_acf_changed": false,
        "ngg_post_thumbnail": 0
    },
    "team-member": [
        23
    ],
    "class_list": [
        "post-28037",
        "team",
        "type-team",
        "status-publish",
        "has-post-thumbnail",
        "hentry",
        "team-member-staff"
    ],
    "acf": [],
    "_links": {
        "self": [
            {
                "href": "https:\/\/www.pacificcommunityventures.org\/es\/wp-json\/wp\/v2\/team\/28037",
                "targetHints": {
                    "allow": [
                        "GET"
                    ]
                }
            }
        ],
        "collection": [
            {
                "href": "https:\/\/www.pacificcommunityventures.org\/es\/wp-json\/wp\/v2\/team"
            }
        ],
        "about": [
            {
                "href": "https:\/\/www.pacificcommunityventures.org\/es\/wp-json\/wp\/v2\/types\/team"
            }
        ],
        "wp:featuredmedia": [
            {
                "embeddable": true,
                "href": "https:\/\/www.pacificcommunityventures.org\/es\/wp-json\/wp\/v2\/media\/28038"
            }
        ],
        "wp:attachment": [
            {
                "href": "https:\/\/www.pacificcommunityventures.org\/es\/wp-json\/wp\/v2\/media?parent=28037"
            }
        ],
        "wp:term": [
            {
                "taxonomy": "team-member",
                "embeddable": true,
                "href": "https:\/\/www.pacificcommunityventures.org\/es\/wp-json\/wp\/v2\/team-member?post=28037"
            }
        ],
        "curies": [
            {
                "name": "wp",
                "href": "https:\/\/api.w.org\/{rel}",
                "templated": true
            }
        ]
    }
}